{"id":2281,"date":"2020-12-03T14:53:42","date_gmt":"2020-12-03T14:53:42","guid":{"rendered":"https:\/\/agendafeminista.com.ar\/?p=2281"},"modified":"2020-12-03T14:53:44","modified_gmt":"2020-12-03T14:53:44","slug":"aquarius","status":"publish","type":"post","link":"http:\/\/agendafeminista.com.ar\/?p=2281","title":{"rendered":"Aquarius"},"content":{"rendered":"\n<p>Una mujer libre, independiente, con car\u00e1cter, que disfruta de s\u00ed misma, que le tiene miedo a pocas cosas, acostumbrada a sobrevivir: as\u00ed se nos presenta a Clara, la protagonista de <em>Aquarius<\/em>, (2016) pel\u00edcula brasilera escrita y dirigida por Kleber Mendo\u00e7a Filho.<br>El conflicto general de la pel\u00edcula parece ser la disputa por el departamento que Clara, interpretada por la maravillosa Sonia Braga, habita y del cu\u00e1l es due\u00f1a. Diego, el nieto del due\u00f1o de la mayor parte de la edificaci\u00f3n, decidido a convertir el edificio \u201cAquarius\u201d en una versi\u00f3n m\u00e1s novedosa y rentable, intenta sin \u00e9xito comprar la \u00faltima vivienda para poder concretar su proyecto sin inconvenientes.<br>Convencer a una mujer, que vive sola, que es viuda, y que es jubilada para que firme los papeles de venta se presenta como una tarea f\u00e1cil a los ojos de Diego, personificado por Humberto Carrao. Sin embargo, Clara rompe el molde machista en el cu\u00e1l se encasilla a las mujeres de su edad. Soporta con firmeza todos los obst\u00e1culos y provocaciones que le arrojan. No pierde su templanza. Mantiene su postura.<br>Aqu\u00ed se revela la principal l\u00ednea argumentativa que gracias a las actuaciones org\u00e1nicas del reparto se sostiene durante las dos horas y media que dura el filme. \u00bfC\u00f3mo ve la sociedad a lxs adultxs mayores? \u00bfC\u00f3mo se lxs trata? \u00bfCu\u00e1l es la importancia que tiene la opini\u00f3n de Clara respecto a su propio hogar ante la mirada de Diego?<br>\u201cAquarius\u201d se divide en tres partes. El cabello, el amor y el c\u00e1ncer de Clara ser\u00e1n clave para entender a este personaje. Sonia Braga le da vida a una mujer que se prioriza, que dice lo que piensa y que vive, ama y disfruta de su sexualidad como si a\u00fan tuviera treinta a\u00f1os. Que se r\u00ede del prejuicio que dicta que las mujeres no podemos estar solas. Que encuentra serenidad en la soledad de su departamento y que est\u00e1 dispuesta a hacer lo que considere necesario para defender lo que es suyo.<\/p>\n\n\n\n<p><strong>Por Lucila Morlacchi<\/strong><br><br><\/p>\n\n\n\n<p><strong>FICHA T\u00c9CNICA<\/strong><\/p>\n\n\n\n<p><em>AQUARIUS<\/em>, BRA, 2016.<\/p>\n\n\n\n<p><strong>Direcci\u00f3n<\/strong>: Kleber Mendo\u00e7a Filho<\/p>\n\n\n\n<p><strong>Duraci\u00f3n<\/strong>: 140 minutos<\/p>\n\n\n\n<p><strong>Gui\u00f3n<\/strong>:<\/p>\n\n\n\n<p><strong>Producci\u00f3n<\/strong>: Emilie Lesclaux ,Sa\u00efd Ben Sa\u00efd, Michel Merkt, Walter Salles<\/p>\n\n\n\n<p><strong>Fotograf\u00eda<\/strong>: Pedro Sotero, Fabricio Tadeu<\/p>\n\n\n\n<p><strong>Reparto<\/strong>: Sonia Braga, Humberto Carr\u00e3o, Maeve Jinkings, Irandhir Santos<\/p>\n","protected":false},"excerpt":{"rendered":"<p>Una mujer libre, independiente, con car\u00e1cter, que disfruta de s\u00ed misma, que le tiene miedo<\/p>\n","protected":false},"author":3,"featured_media":2282,"comment_status":"open","ping_status":"open","sticky":false,"template":"","format":"standard","meta":{"_monsterinsights_skip_tracking":false,"footnotes":""},"categories":[225,345,336,327],"tags":[],"class_list":["post-2281","post","type-post","status-publish","format-standard","has-post-thumbnail","hentry","category-permanente","category-cine","category-feminismo","category-resenas"],"yoast_head":"<!-- This site is optimized with the Yoast SEO plugin v28.2 - https:\/\/yoast.com\/product\/yoast-seo-wordpress\/ -->\n<title>Aquarius - Agenda Feminista<\/title>\n<meta name=\"robots\" content=\"index, follow, max-snippet:-1, max-image-preview:large, max-video-preview:-1\" \/>\n<link rel=\"canonical\" href=\"http:\/\/agendafeminista.com.ar\/?p=2281\" \/>\n<meta property=\"og:locale\" content=\"es_ES\" \/>\n<meta property=\"og:type\" content=\"article\" \/>\n<meta property=\"og:title\" content=\"Aquarius - Agenda Feminista\" \/>\n<meta property=\"og:description\" content=\"Una mujer libre, independiente, con car\u00e1cter, que disfruta de s\u00ed misma, que le tiene miedo\" \/>\n<meta property=\"og:url\" content=\"http:\/\/agendafeminista.com.ar\/?p=2281\" \/>\n<meta property=\"og:site_name\" content=\"Agenda Feminista\" \/>\n<meta property=\"article:publisher\" content=\"https:\/\/www.facebook.com\/Agenda-Feminista-765492113844787\/\" \/>\n<meta property=\"article:published_time\" content=\"2020-12-03T14:53:42+00:00\" \/>\n<meta property=\"article:modified_time\" content=\"2020-12-03T14:53:44+00:00\" \/>\n<meta property=\"og:image\" content=\"http:\/\/agendafeminista.com.ar\/wp-content\/uploads\/2020\/12\/Aquarius.jpg\" \/>\n\t<meta property=\"og:image:width\" content=\"1280\" \/>\n\t<meta property=\"og:image:height\" content=\"1024\" \/>\n\t<meta property=\"og:image:type\" content=\"image\/jpeg\" \/>\n<meta name=\"author\" content=\"Lala Sosa\" \/>\n<meta name=\"twitter:card\" content=\"summary_large_image\" \/>\n<meta name=\"twitter:label1\" content=\"Escrito por\" \/>\n\t<meta name=\"twitter:data1\" content=\"Lala Sosa\" \/>\n\t<meta name=\"twitter:label2\" content=\"Tiempo de lectura\" \/>\n\t<meta name=\"twitter:data2\" content=\"2 minutos\" \/>\n<script type=\"application\/ld+json\" class=\"yoast-schema-graph\">{\"@context\":\"https:\\\/\\\/schema.org\",\"@graph\":[{\"@type\":\"Article\",\"@id\":\"http:\\\/\\\/agendafeminista.com.ar\\\/?p=2281#article\",\"isPartOf\":{\"@id\":\"http:\\\/\\\/agendafeminista.com.ar\\\/?p=2281\"},\"author\":{\"name\":\"Lala Sosa\",\"@id\":\"http:\\\/\\\/agendafeminista.com.ar\\\/#\\\/schema\\\/person\\\/0023ad5a734d2433b743a715479b89b7\"},\"headline\":\"Aquarius\",\"datePublished\":\"2020-12-03T14:53:42+00:00\",\"dateModified\":\"2020-12-03T14:53:44+00:00\",\"mainEntityOfPage\":{\"@id\":\"http:\\\/\\\/agendafeminista.com.ar\\\/?p=2281\"},\"wordCount\":402,\"commentCount\":0,\"publisher\":{\"@id\":\"http:\\\/\\\/agendafeminista.com.ar\\\/#organization\"},\"image\":{\"@id\":\"http:\\\/\\\/agendafeminista.com.ar\\\/?p=2281#primaryimage\"},\"thumbnailUrl\":\"http:\\\/\\\/agendafeminista.com.ar\\\/wp-content\\\/uploads\\\/2020\\\/12\\\/Aquarius.jpg\",\"articleSection\":[\"Agenda Permanente\",\"Cine\",\"Feminismo\",\"Rese\u00f1as\"],\"inLanguage\":\"es-AR\",\"potentialAction\":[{\"@type\":\"CommentAction\",\"name\":\"Comment\",\"target\":[\"http:\\\/\\\/agendafeminista.com.ar\\\/?p=2281#respond\"]}]},{\"@type\":\"WebPage\",\"@id\":\"http:\\\/\\\/agendafeminista.com.ar\\\/?p=2281\",\"url\":\"http:\\\/\\\/agendafeminista.com.ar\\\/?p=2281\",\"name\":\"Aquarius - Agenda Feminista\",\"isPartOf\":{\"@id\":\"http:\\\/\\\/agendafeminista.com.ar\\\/#website\"},\"primaryImageOfPage\":{\"@id\":\"http:\\\/\\\/agendafeminista.com.ar\\\/?p=2281#primaryimage\"},\"image\":{\"@id\":\"http:\\\/\\\/agendafeminista.com.ar\\\/?p=2281#primaryimage\"},\"thumbnailUrl\":\"http:\\\/\\\/agendafeminista.com.ar\\\/wp-content\\\/uploads\\\/2020\\\/12\\\/Aquarius.jpg\",\"datePublished\":\"2020-12-03T14:53:42+00:00\",\"dateModified\":\"2020-12-03T14:53:44+00:00\",\"breadcrumb\":{\"@id\":\"http:\\\/\\\/agendafeminista.com.ar\\\/?p=2281#breadcrumb\"},\"inLanguage\":\"es-AR\",\"potentialAction\":[{\"@type\":\"ReadAction\",\"target\":[\"http:\\\/\\\/agendafeminista.com.ar\\\/?p=2281\"]}]},{\"@type\":\"ImageObject\",\"inLanguage\":\"es-AR\",\"@id\":\"http:\\\/\\\/agendafeminista.com.ar\\\/?p=2281#primaryimage\",\"url\":\"http:\\\/\\\/agendafeminista.com.ar\\\/wp-content\\\/uploads\\\/2020\\\/12\\\/Aquarius.jpg\",\"contentUrl\":\"http:\\\/\\\/agendafeminista.com.ar\\\/wp-content\\\/uploads\\\/2020\\\/12\\\/Aquarius.jpg\",\"width\":1280,\"height\":1024},{\"@type\":\"BreadcrumbList\",\"@id\":\"http:\\\/\\\/agendafeminista.com.ar\\\/?p=2281#breadcrumb\",\"itemListElement\":[{\"@type\":\"ListItem\",\"position\":1,\"name\":\"Inicio\",\"item\":\"http:\\\/\\\/agendafeminista.com.ar\\\/\"},{\"@type\":\"ListItem\",\"position\":2,\"name\":\"Aquarius\"}]},{\"@type\":\"WebSite\",\"@id\":\"http:\\\/\\\/agendafeminista.com.ar\\\/#website\",\"url\":\"http:\\\/\\\/agendafeminista.com.ar\\\/\",\"name\":\"Agenda Feminista\",\"description\":\"Agenda Cultural Feminista\",\"publisher\":{\"@id\":\"http:\\\/\\\/agendafeminista.com.ar\\\/#organization\"},\"potentialAction\":[{\"@type\":\"SearchAction\",\"target\":{\"@type\":\"EntryPoint\",\"urlTemplate\":\"http:\\\/\\\/agendafeminista.com.ar\\\/?s={search_term_string}\"},\"query-input\":{\"@type\":\"PropertyValueSpecification\",\"valueRequired\":true,\"valueName\":\"search_term_string\"}}],\"inLanguage\":\"es-AR\"},{\"@type\":\"Organization\",\"@id\":\"http:\\\/\\\/agendafeminista.com.ar\\\/#organization\",\"name\":\"Agenda Feminista\",\"url\":\"http:\\\/\\\/agendafeminista.com.ar\\\/\",\"logo\":{\"@type\":\"ImageObject\",\"inLanguage\":\"es-AR\",\"@id\":\"http:\\\/\\\/agendafeminista.com.ar\\\/#\\\/schema\\\/logo\\\/image\\\/\",\"url\":\"http:\\\/\\\/agendafeminista.com.ar\\\/wp-content\\\/uploads\\\/2024\\\/03\\\/cropped-AGENDA-FEMINISTA-2.png\",\"contentUrl\":\"http:\\\/\\\/agendafeminista.com.ar\\\/wp-content\\\/uploads\\\/2024\\\/03\\\/cropped-AGENDA-FEMINISTA-2.png\",\"width\":1747,\"height\":313,\"caption\":\"Agenda Feminista\"},\"image\":{\"@id\":\"http:\\\/\\\/agendafeminista.com.ar\\\/#\\\/schema\\\/logo\\\/image\\\/\"},\"sameAs\":[\"https:\\\/\\\/www.facebook.com\\\/Agenda-Feminista-765492113844787\\\/\",\"http:\\\/\\\/www.instagram.com\\\/agenda.feminista\",\"https:\\\/\\\/www.youtube.com\\\/channel\\\/UCHsNscm8C_JCaDvDzKaH6sw\"]},{\"@type\":\"Person\",\"@id\":\"http:\\\/\\\/agendafeminista.com.ar\\\/#\\\/schema\\\/person\\\/0023ad5a734d2433b743a715479b89b7\",\"name\":\"Lala Sosa\",\"image\":{\"@type\":\"ImageObject\",\"inLanguage\":\"es-AR\",\"@id\":\"https:\\\/\\\/secure.gravatar.com\\\/avatar\\\/edf5e997f2e906ea0191b406808912fbdc960fa33eaf43378e553eb54542bbf9?s=96&d=mm&r=g\",\"url\":\"https:\\\/\\\/secure.gravatar.com\\\/avatar\\\/edf5e997f2e906ea0191b406808912fbdc960fa33eaf43378e553eb54542bbf9?s=96&d=mm&r=g\",\"contentUrl\":\"https:\\\/\\\/secure.gravatar.com\\\/avatar\\\/edf5e997f2e906ea0191b406808912fbdc960fa33eaf43378e553eb54542bbf9?s=96&d=mm&r=g\",\"caption\":\"Lala Sosa\"},\"url\":\"http:\\\/\\\/agendafeminista.com.ar\\\/?author=3\"}]}<\/script>\n<!-- \/ Yoast SEO plugin. -->","yoast_head_json":{"title":"Aquarius - Agenda Feminista","robots":{"index":"index","follow":"follow","max-snippet":"max-snippet:-1","max-image-preview":"max-image-preview:large","max-video-preview":"max-video-preview:-1"},"canonical":"http:\/\/agendafeminista.com.ar\/?p=2281","og_locale":"es_ES","og_type":"article","og_title":"Aquarius - Agenda Feminista","og_description":"Una mujer libre, independiente, con car\u00e1cter, que disfruta de s\u00ed misma, que le tiene miedo","og_url":"http:\/\/agendafeminista.com.ar\/?p=2281","og_site_name":"Agenda Feminista","article_publisher":"https:\/\/www.facebook.com\/Agenda-Feminista-765492113844787\/","article_published_time":"2020-12-03T14:53:42+00:00","article_modified_time":"2020-12-03T14:53:44+00:00","og_image":[{"width":1280,"height":1024,"url":"http:\/\/agendafeminista.com.ar\/wp-content\/uploads\/2020\/12\/Aquarius.jpg","type":"image\/jpeg"}],"author":"Lala Sosa","twitter_card":"summary_large_image","twitter_misc":{"Escrito por":"Lala Sosa","Tiempo de lectura":"2 minutos"},"schema":{"@context":"https:\/\/schema.org","@graph":[{"@type":"Article","@id":"http:\/\/agendafeminista.com.ar\/?p=2281#article","isPartOf":{"@id":"http:\/\/agendafeminista.com.ar\/?p=2281"},"author":{"name":"Lala Sosa","@id":"http:\/\/agendafeminista.com.ar\/#\/schema\/person\/0023ad5a734d2433b743a715479b89b7"},"headline":"Aquarius","datePublished":"2020-12-03T14:53:42+00:00","dateModified":"2020-12-03T14:53:44+00:00","mainEntityOfPage":{"@id":"http:\/\/agendafeminista.com.ar\/?p=2281"},"wordCount":402,"commentCount":0,"publisher":{"@id":"http:\/\/agendafeminista.com.ar\/#organization"},"image":{"@id":"http:\/\/agendafeminista.com.ar\/?p=2281#primaryimage"},"thumbnailUrl":"http:\/\/agendafeminista.com.ar\/wp-content\/uploads\/2020\/12\/Aquarius.jpg","articleSection":["Agenda Permanente","Cine","Feminismo","Rese\u00f1as"],"inLanguage":"es-AR","potentialAction":[{"@type":"CommentAction","name":"Comment","target":["http:\/\/agendafeminista.com.ar\/?p=2281#respond"]}]},{"@type":"WebPage","@id":"http:\/\/agendafeminista.com.ar\/?p=2281","url":"http:\/\/agendafeminista.com.ar\/?p=2281","name":"Aquarius - Agenda Feminista","isPartOf":{"@id":"http:\/\/agendafeminista.com.ar\/#website"},"primaryImageOfPage":{"@id":"http:\/\/agendafeminista.com.ar\/?p=2281#primaryimage"},"image":{"@id":"http:\/\/agendafeminista.com.ar\/?p=2281#primaryimage"},"thumbnailUrl":"http:\/\/agendafeminista.com.ar\/wp-content\/uploads\/2020\/12\/Aquarius.jpg","datePublished":"2020-12-03T14:53:42+00:00","dateModified":"2020-12-03T14:53:44+00:00","breadcrumb":{"@id":"http:\/\/agendafeminista.com.ar\/?p=2281#breadcrumb"},"inLanguage":"es-AR","potentialAction":[{"@type":"ReadAction","target":["http:\/\/agendafeminista.com.ar\/?p=2281"]}]},{"@type":"ImageObject","inLanguage":"es-AR","@id":"http:\/\/agendafeminista.com.ar\/?p=2281#primaryimage","url":"http:\/\/agendafeminista.com.ar\/wp-content\/uploads\/2020\/12\/Aquarius.jpg","contentUrl":"http:\/\/agendafeminista.com.ar\/wp-content\/uploads\/2020\/12\/Aquarius.jpg","width":1280,"height":1024},{"@type":"BreadcrumbList","@id":"http:\/\/agendafeminista.com.ar\/?p=2281#breadcrumb","itemListElement":[{"@type":"ListItem","position":1,"name":"Inicio","item":"http:\/\/agendafeminista.com.ar\/"},{"@type":"ListItem","position":2,"name":"Aquarius"}]},{"@type":"WebSite","@id":"http:\/\/agendafeminista.com.ar\/#website","url":"http:\/\/agendafeminista.com.ar\/","name":"Agenda Feminista","description":"Agenda Cultural Feminista","publisher":{"@id":"http:\/\/agendafeminista.com.ar\/#organization"},"potentialAction":[{"@type":"SearchAction","target":{"@type":"EntryPoint","urlTemplate":"http:\/\/agendafeminista.com.ar\/?s={search_term_string}"},"query-input":{"@type":"PropertyValueSpecification","valueRequired":true,"valueName":"search_term_string"}}],"inLanguage":"es-AR"},{"@type":"Organization","@id":"http:\/\/agendafeminista.com.ar\/#organization","name":"Agenda Feminista","url":"http:\/\/agendafeminista.com.ar\/","logo":{"@type":"ImageObject","inLanguage":"es-AR","@id":"http:\/\/agendafeminista.com.ar\/#\/schema\/logo\/image\/","url":"http:\/\/agendafeminista.com.ar\/wp-content\/uploads\/2024\/03\/cropped-AGENDA-FEMINISTA-2.png","contentUrl":"http:\/\/agendafeminista.com.ar\/wp-content\/uploads\/2024\/03\/cropped-AGENDA-FEMINISTA-2.png","width":1747,"height":313,"caption":"Agenda Feminista"},"image":{"@id":"http:\/\/agendafeminista.com.ar\/#\/schema\/logo\/image\/"},"sameAs":["https:\/\/www.facebook.com\/Agenda-Feminista-765492113844787\/","http:\/\/www.instagram.com\/agenda.feminista","https:\/\/www.youtube.com\/channel\/UCHsNscm8C_JCaDvDzKaH6sw"]},{"@type":"Person","@id":"http:\/\/agendafeminista.com.ar\/#\/schema\/person\/0023ad5a734d2433b743a715479b89b7","name":"Lala Sosa","image":{"@type":"ImageObject","inLanguage":"es-AR","@id":"https:\/\/secure.gravatar.com\/avatar\/edf5e997f2e906ea0191b406808912fbdc960fa33eaf43378e553eb54542bbf9?s=96&d=mm&r=g","url":"https:\/\/secure.gravatar.com\/avatar\/edf5e997f2e906ea0191b406808912fbdc960fa33eaf43378e553eb54542bbf9?s=96&d=mm&r=g","contentUrl":"https:\/\/secure.gravatar.com\/avatar\/edf5e997f2e906ea0191b406808912fbdc960fa33eaf43378e553eb54542bbf9?s=96&d=mm&r=g","caption":"Lala Sosa"},"url":"http:\/\/agendafeminista.com.ar\/?author=3"}]}},"jetpack_featured_media_url":"http:\/\/agendafeminista.com.ar\/wp-content\/uploads\/2020\/12\/Aquarius.jpg","_links":{"self":[{"href":"http:\/\/agendafeminista.com.ar\/index.php?rest_route=\/wp\/v2\/posts\/2281","targetHints":{"allow":["GET"]}}],"collection":[{"href":"http:\/\/agendafeminista.com.ar\/index.php?rest_route=\/wp\/v2\/posts"}],"about":[{"href":"http:\/\/agendafeminista.com.ar\/index.php?rest_route=\/wp\/v2\/types\/post"}],"author":[{"embeddable":true,"href":"http:\/\/agendafeminista.com.ar\/index.php?rest_route=\/wp\/v2\/users\/3"}],"replies":[{"embeddable":true,"href":"http:\/\/agendafeminista.com.ar\/index.php?rest_route=%2Fwp%2Fv2%2Fcomments&post=2281"}],"version-history":[{"count":1,"href":"http:\/\/agendafeminista.com.ar\/index.php?rest_route=\/wp\/v2\/posts\/2281\/revisions"}],"predecessor-version":[{"id":2283,"href":"http:\/\/agendafeminista.com.ar\/index.php?rest_route=\/wp\/v2\/posts\/2281\/revisions\/2283"}],"wp:featuredmedia":[{"embeddable":true,"href":"http:\/\/agendafeminista.com.ar\/index.php?rest_route=\/wp\/v2\/media\/2282"}],"wp:attachment":[{"href":"http:\/\/agendafeminista.com.ar\/index.php?rest_route=%2Fwp%2Fv2%2Fmedia&parent=2281"}],"wp:term":[{"taxonomy":"category","embeddable":true,"href":"http:\/\/agendafeminista.com.ar\/index.php?rest_route=%2Fwp%2Fv2%2Fcategories&post=2281"},{"taxonomy":"post_tag","embeddable":true,"href":"http:\/\/agendafeminista.com.ar\/index.php?rest_route=%2Fwp%2Fv2%2Ftags&post=2281"}],"curies":[{"name":"wp","href":"https:\/\/api.w.org\/{rel}","templated":true}]}}